{"id":8543,"date":"2026-04-30T16:55:52","date_gmt":"2026-04-30T15:55:52","guid":{"rendered":"https:\/\/fridaybulletin.co.uk\/editorial-volume-03-numero-18\/"},"modified":"2026-05-01T10:15:21","modified_gmt":"2026-05-01T09:15:21","slug":"editorial-volume-03-numero-18","status":"publish","type":"post","link":"https:\/\/fridaybulletin.co.uk\/fr\/editorial-volume-03-numero-18\/","title":{"rendered":"\u00c9ditorial \u2013 volume 03 Num\u00e9ro 18"},"content":{"rendered":"<div class=\"fusion-fullwidth fullwidth-box fusion-builder-row-1 fusion-flex-container has-pattern-background has-mask-background nonhundred-percent-fullwidth non-hundred-percent-height-scrolling\" style=\"--awb-border-radius-top-left:0px;--awb-border-radius-top-right:0px;--awb-border-radius-bottom-right:0px;--awb-border-radius-bottom-left:0px;--awb-flex-wrap:wrap;\" ><div class=\"fusion-builder-row fusion-row fusion-flex-align-items-flex-start fusion-flex-content-wrap\" style=\"max-width:1438.5px;margin-left: calc(-5% \/ 2 );margin-right: calc(-5% \/ 2 );\"><div class=\"fusion-layout-column fusion_builder_column fusion-builder-column-0 fusion_builder_column_1_1 1_1 fusion-flex-column\" style=\"--awb-bg-size:cover;--awb-width-large:100%;--awb-margin-top-large:0px;--awb-spacing-right-large:2.375%;--awb-margin-bottom-large:0px;--awb-spacing-left-large:2.375%;--awb-width-medium:100%;--awb-order-medium:0;--awb-spacing-right-medium:2.375%;--awb-spacing-left-medium:2.375%;--awb-width-small:100%;--awb-order-small:0;--awb-spacing-right-small:2.375%;--awb-spacing-left-small:2.375%;\"><div class=\"fusion-column-wrapper fusion-column-has-shadow fusion-flex-justify-content-flex-start fusion-content-layout-column\"><div class=\"fusion-text fusion-text-1\"><h2 style=\"text-align: center;\"><strong>Sagesse, Service et Responsabilit\u00e9 Morale : Au c\u0153ur d&rsquo;un h\u00e9ritage sacr\u00e9 et social<\/strong><\/h2>\n<p><strong>Introduction<\/strong><\/p>\n<p>La semaine \u00e0 venir conjugue les naissances b\u00e9nies et les comm\u00e9morations de grands savants et imams avec les journ\u00e9es mondiales d\u00e9di\u00e9es au travail et \u00e0 l\u2019\u00e9ducation. Pour les \u00e9ducateurs et les autorit\u00e9s communautaires musulmans, ces occasions portent un message unifi\u00e9 : la sagesse, le service et la responsabilit\u00e9 morale sont les fondements d&rsquo;une soci\u00e9t\u00e9 saine.<\/p>\n<p><strong>11 Dhu al-Qi\u2018dah : Naissance de l\u2019Imam Ali al-Ridha (que la paix soit sur lui)<\/strong><\/p>\n<p>L\u2019Imam Ali al-Ridha (paix soit sur lui), huiti\u00e8me Imam des Ahl al-Bayt ( que la paix soit sur eux), est honor\u00e9 pour son immense savoir, sa patience et sa gouvernance durant l\u2019\u00e8re abbasside. Ses cercles intellectuels attiraient des savants de diverses traditions, faisant de lui un symbole de dialogue et de sagesse. \u00a0 \u00c0 travers l\u2019histoire, les paroles de l\u2019Imam al-Ridha (paix soit sur lui) ont servi de guide pour la pens\u00e9e, la parole et l&rsquo;action des musulmans \u00e0 travers le monde. Dans l&rsquo;un de ses nobles enseignements, il d\u00e9clare :<\/p>\n<p style=\"text-align: center;\"><strong>\u0627\u064e\u0644\u0635\u0651\u064e\u063a\u0627\u0626\u0650\u0631\u064f \u0645\u0650\u0646\u064e \u0627\u0644\u0630\u0651\u064f\u0646\u0648\u0628\u0650 \u0637\u064f\u0631\u064f\u0642\u064c \u0625\u0650\u0644\u064e\u0649 \u0627\u0644\u0652\u0643\u064e\u0628\u0627\u0626\u0650\u0631\u0650\u060c \u0648\u064e\u0645\u064e\u0646\u0652 \u0644\u064e\u0645\u0652 \u064a\u064e\u062e\u064e\u0641\u0650 \u0627\u0644\u0644\u0651\u064e\u0647\u064e \u0641\u0650\u064a \u0627\u0644\u0652\u0642\u064e\u0644\u0650\u064a\u0644\u0650\u060c \u0644\u064e\u0645\u0652 \u064a\u064e\u062e\u064e\u0641\u0652\u0647\u064f \u0641\u0650\u064a \u0627\u0644\u0652\u0643\u064e\u062b\u0650\u064a\u0631\u0650<\/strong><\/p>\n<p style=\"text-align: center;\"><strong><em>\u00ab Les petits p\u00e9ch\u00e9s sont les sentiers qui m\u00e8nent aux grands p\u00e9ch\u00e9s. Quiconque ne craint pas Allah dans les petites choses ne Le craindra pas dans les plus grandes. \u00bb<\/em><\/strong><em> (Musnad al-Imam al-Rid\u0101, vol. 1, p. 290)<\/em><\/p>\n<p><strong>Enseignement du jour\u00a0: <\/strong><\/p>\n<p>Les enseignements et le mode de vie de l&rsquo;Imam al-Ridha (paix soit sur lui) constituent un guide puissant pour mener une vie \u00e9thique dans un monde moderne aux valeurs de plus en plus fragiles. Ne manquez pas cette opportunit\u00e9 pr\u00e9cieuse.<\/p>\n<p><strong>11 Dhu al-Qi\u2018dah : \u00a0Hommage \u00e0 Cheikh al-Mufid<\/strong><\/p>\n<p>Cheikh al-Mufid (336-413 de l&rsquo;H\u00e9gire) fut l&rsquo;un des th\u00e9ologiens et juristes chiites les plus influents. Il a jou\u00e9 un r\u00f4le d\u00e9terminant dans la syst\u00e9matisation de la pens\u00e9e chiite et dans l&rsquo;\u00e9tablissement d&rsquo;institutions savantes \u00e0 Bagdad.<\/p>\n<p>Ses travaux soulignent l&rsquo;importance d&rsquo;une recherche religieuse structur\u00e9e pour pr\u00e9server l&rsquo;authenticit\u00e9 des enseignements. En Islam, le savoir est une responsabilit\u00e9, et non un simple accomplissement.<\/p>\n<p><strong>Enseignement du jour :<\/strong><br \/>\nRenforcez la justesse de votre compr\u00e9hension religieuse par un apprentissage disciplin\u00e9 et un esprit critique.<\/p>\n<p><strong>15 Dhu al-Qi\u2018dah : Hommage \u00e0 Ali Nakhodaki Isfahani\u00a0<\/strong><\/p>\n<p>Mystique \u00e9minent et ma\u00eetre spirituel, Hasan Ali Nakhodaki Isfahani \u00e9tait reconnu pour sa vie asc\u00e9tique, sa discipline spirituelle et l&rsquo;accent mis sur la purification int\u00e9rieure.<\/p>\n<p>Sa vie d\u00e9montre l&rsquo;importance d&rsquo;\u00e9quilibrer le savoir ext\u00e9rieur avec le d\u00e9veloppement spirituel int\u00e9rieur, dont l&rsquo;un des fruits se refl\u00e8te dans le caract\u00e8re moral. Le Proph\u00e8te (paix soit sur lui) a dit :<\/p>\n<p style=\"text-align: center;\"><strong>\u00ab\u0625\u0650\u0646\u0651\u064e\u0645\u064e\u0627 \u0628\u064f\u0639\u0650\u062b\u0652\u062a\u064f \u0644\u0650\u0623\u064f\u062a\u064e\u0645\u0650\u0651\u0645\u064e \u0645\u064e\u0643\u064e\u0627\u0631\u0650\u0645\u064e \u0627\u0644\u0623\u064e\u062e\u0652\u0644\u0627\u064e\u0642\u0650<\/strong><strong>\u00bb<\/strong> (\u0628\u062d\u0627\u0631\u0627\u0644\u0627\u0646\u0648\u0627\u0631\u060c \u062c \u06f1\u06f6\u060c \u0635 \u06f2\u06f1\u06f0)<\/p>\n<p style=\"text-align: center;\"><em>\u00ab Je n&rsquo;ai \u00e9t\u00e9 envoy\u00e9 que pour porter la vertu \u00e0 son accomplissement. \u00bb<\/em><\/p>\n<p><strong>Enseignement du jour :<\/strong><\/p>\n<p>La v\u00e9ritable spiritualit\u00e9 se refl\u00e8te dans la noblesse de caract\u00e8re, l&rsquo;humilit\u00e9 et une vie \u00e9thique.<\/p>\n<p><strong>17 Dhu al-Qi\u2018dah : \u00a0\u00a0Comm\u00e9moration de la disparition de Cheikh Abdul-Karim Ha\u2019iri (Fondateur du S\u00e9minaire de Qom)<\/strong><\/p>\n<p>Cheikh Abdul-Karim Ha\u2019iri (1276-1355 H) fut l&rsquo;architecte du s\u00e9minaire moderne de Qom, devenu au XXe si\u00e8cle un centre majeur de l&rsquo;\u00e9rudition chiite mondiale. Sa gouvernance \u00e9clair\u00e9e a permis de pr\u00e9server et de faire fructifier l&rsquo;enseignement religieux, m\u00eame dans les conditions les plus \u00e9prouvantes.<\/p>\n<p>Son h\u00e9ritage nous rappelle que la p\u00e9rennit\u00e9 du savoir sacr\u00e9 repose sur des institutions solides, capables de transmettre la connaissance \u00e0 travers les g\u00e9n\u00e9rations.<\/p>\n<p><strong>Enseignement du jour :<\/strong><\/p>\n<p>Soutenez et fortifiez les institutions qui veillent \u00e0 la pr\u00e9servation d&rsquo;un savoir religieux authentique.<\/p>\n<p><strong>1er mai\u00a0: Journ\u00e9e internationale des travailleurs<\/strong><\/p>\n<p>Cette journ\u00e9e mondiale reconna\u00eet la dignit\u00e9 et la contribution des travailleurs au sein de toutes les soci\u00e9t\u00e9s. L\u2019Islam souligne avec force l\u2019honneur attach\u00e9 au travail et au m\u00e9rite acquis par un effort honn\u00eate.<\/p>\n<p style=\"text-align: center;\"><strong>\u00ab\u0645\u064e\u0627 \u0623\u064e\u0643\u064e\u0644\u064e \u0623\u064e\u062d\u064e\u062f\u064c \u0637\u064e\u0639\u064e\u0627\u0645\u064b\u0627 \u062e\u064e\u064a\u0652\u0631\u064b\u0627 \u0645\u0650\u0646\u0652 \u0623\u064e\u0646\u0652 \u064a\u064e\u0623\u0652\u0643\u064f\u0644\u064e \u0645\u0650\u0646\u0652 \u0639\u064e\u0645\u064e\u0644\u0650 \u064a\u064e\u062f\u0650\u0647\u0650<\/strong><strong>\u00bb <\/strong><strong>(\u0648\u0633\u0627\u0626\u0644 \u0627\u0644\u0634\u06cc\u0639\u0647\u060c \u062c <\/strong><strong>\u06f1\u06f7)<\/strong><\/p>\n<p style=\"text-align: center;\"><em>\u00ab Nul n&rsquo;a jamais mang\u00e9 de nourriture meilleure que celle gagn\u00e9e par le travail de ses propres mains. \u00bb<\/em><\/p>\n<p><strong>Enseignement du jour :<\/strong><\/p>\n<p>Respectez le travail et d\u00e9fendez la justice et la dignit\u00e9 sous toutes les formes de labeur.<\/p>\n<p><strong>12 Ordibehesht \/2 mai\u00a0: \u00a0\u00a0Comm\u00e9moration du Martyre de l\u2019Ayatollah Mortada Motahari<\/strong><\/p>\n<p><strong>(Journ\u00e9e des Enseignants)<\/strong><\/p>\n<p>L\u2019Ayatollah Mortada Motahari fut l\u2019un des penseurs islamiques les plus influents de l\u2019Iran moderne, reconnu pour sa clart\u00e9 intellectuelle et sa d\u00e9fense de la pens\u00e9e islamique. Son martyre est comm\u00e9mor\u00e9 lors de la \u2018Journ\u00e9e des Enseignants\u2019.<\/p>\n<p>Sa vie t\u00e9moigne du r\u00f4le central de l\u2019\u00e9ducation dans le fa\u00e7onnement de soci\u00e9t\u00e9s \u00e9thiques et \u00e9clair\u00e9es. Le Coran d\u00e9clare :<\/p>\n<p style=\"text-align: center;\"><strong>\u00ab\u064a\u064e\u0631\u0652\u0641\u064e\u0639\u0650 \u0627\u0644\u0644\u0651\u064e\u0647\u064f \u0627\u0644\u0651\u064e\u0630\u0650\u064a\u0646\u064e \u0622\u0645\u064e\u0646\u064f\u0648\u0627\u0652 \u0645\u0650\u0646\u0643\u064f\u0645\u0652 \u0648\u064e\u0627\u0644\u0651\u064e\u0630\u0650\u064a\u0646\u064e \u0623\u064f\u0648\u062a\u064f\u0648\u0627\u0652 \u0627\u0644\u0652\u0639\u0650\u0644\u0652\u0645\u064e \u062f\u064e\u0631\u064e\u062c\u064e\u0627\u062a\u064d<\/strong><strong>\u00bb<\/strong><\/p>\n<p style=\"text-align: center;\"><em>\u00ab Allah \u00e9l\u00e8vera en degr\u00e9s ceux d\u2019entre vous qui auront cru et ceux qui auront re\u00e7u le savoir.\u00a0\u00bb (Coran 58\u00a0:11)<\/em><\/p>\n<p><strong>Enseignement du jour :<\/strong><\/p>\n<p>Honorez les enseignants, car ils sont les b\u00e2tisseurs de l&rsquo;esprit et les gardiens de la conscience morale.<\/p>\n<p><strong>15 Ordibehesht \/ 5 mai : Hommage \u00e0 Cheikh al-Saduq<\/strong><\/p>\n<p>Cheikh al-Saduq (306-381 H) fut l&rsquo;un des plus illustres savants de Hadith de l&rsquo;\u00e8re chiite pr\u00e9coce, reconnu pour sa rigueur dans la collecte et la pr\u00e9servation des r\u00e9cits des Ahl al-Bayt (que la paix soit sur eux).<\/p>\n<p>Ses travaux soulignent l&rsquo;importance primordiale de l&rsquo;authenticit\u00e9 et de la fiabilit\u00e9 dans la transmission du savoir religieux.<\/p>\n<p><strong>Enseignement du jour :<\/strong><\/p>\n<p>Pr\u00e9servez la v\u00e9rit\u00e9 en veillant \u00e0 l&rsquo;exactitude et \u00e0 l&rsquo;int\u00e9grit\u00e9 dans le partage des connaissances.<\/p>\n<p><strong>Conclusion<\/strong><\/p>\n<p>Les comm\u00e9morations de cette semaine soulignent collectivement que le savoir, le service, le travail et l\u2019int\u00e9grit\u00e9 morale sont indissociables en Islam. Des savants qui ont pr\u00e9serv\u00e9 la foi, aux enseignants qui fa\u00e7onnent les esprits, jusqu&rsquo;aux travailleurs qui soutiennent la soci\u00e9t\u00e9 : chaque r\u00f4le contribue \u00e0 une vision partag\u00e9e d&rsquo;une vie juste et pleine de sens, guid\u00e9e par les principes divins.<\/p>\n<\/div><\/div><\/div><\/div><\/div>\n","protected":false},"excerpt":{"rendered":"","protected":false},"author":3,"featured_media":8487,"comment_status":"open","ping_status":"open","sticky":false,"template":"","format":"standard","meta":{"footnotes":""},"categories":[97],"tags":[],"class_list":["post-8543","post","type-post","status-publish","format-standard","has-post-thumbnail","hentry","category-editorial-fr"],"_links":{"self":[{"href":"https:\/\/fridaybulletin.co.uk\/fr\/wp-json\/wp\/v2\/posts\/8543","targetHints":{"allow":["GET"]}}],"collection":[{"href":"https:\/\/fridaybulletin.co.uk\/fr\/wp-json\/wp\/v2\/posts"}],"about":[{"href":"https:\/\/fridaybulletin.co.uk\/fr\/wp-json\/wp\/v2\/types\/post"}],"author":[{"embeddable":true,"href":"https:\/\/fridaybulletin.co.uk\/fr\/wp-json\/wp\/v2\/users\/3"}],"replies":[{"embeddable":true,"href":"https:\/\/fridaybulletin.co.uk\/fr\/wp-json\/wp\/v2\/comments?post=8543"}],"version-history":[{"count":0,"href":"https:\/\/fridaybulletin.co.uk\/fr\/wp-json\/wp\/v2\/posts\/8543\/revisions"}],"wp:featuredmedia":[{"embeddable":true,"href":"https:\/\/fridaybulletin.co.uk\/fr\/wp-json\/wp\/v2\/media\/8487"}],"wp:attachment":[{"href":"https:\/\/fridaybulletin.co.uk\/fr\/wp-json\/wp\/v2\/media?parent=8543"}],"wp:term":[{"taxonomy":"category","embeddable":true,"href":"https:\/\/fridaybulletin.co.uk\/fr\/wp-json\/wp\/v2\/categories?post=8543"},{"taxonomy":"post_tag","embeddable":true,"href":"https:\/\/fridaybulletin.co.uk\/fr\/wp-json\/wp\/v2\/tags?post=8543"}],"curies":[{"name":"wp","href":"https:\/\/api.w.org\/{rel}","templated":true}]}}