{"id":7915,"date":"2026-04-05T22:53:06","date_gmt":"2026-04-05T21:53:06","guid":{"rendered":"https:\/\/fridaybulletin.co.uk\/avec-les-apotres-7-salman-farsi-le-persan\/"},"modified":"2026-04-06T12:09:50","modified_gmt":"2026-04-06T11:09:50","slug":"avec-les-apotres-7-salman-farsi-le-persan","status":"publish","type":"post","link":"https:\/\/fridaybulletin.co.uk\/fr\/avec-les-apotres-7-salman-farsi-le-persan\/","title":{"rendered":"Avec les Ap\u00f4tres (7) : Salman Farsi, Le Persan"},"content":{"rendered":"<div class=\"fusion-fullwidth fullwidth-box fusion-builder-row-1 fusion-flex-container has-pattern-background has-mask-background nonhundred-percent-fullwidth non-hundred-percent-height-scrolling\" style=\"--awb-border-radius-top-left:0px;--awb-border-radius-top-right:0px;--awb-border-radius-bottom-right:0px;--awb-border-radius-bottom-left:0px;--awb-flex-wrap:wrap;\" ><div class=\"fusion-builder-row fusion-row fusion-flex-align-items-flex-start fusion-flex-content-wrap\" style=\"max-width:1438.5px;margin-left: calc(-5% \/ 2 );margin-right: calc(-5% \/ 2 );\"><div class=\"fusion-layout-column fusion_builder_column fusion-builder-column-0 fusion_builder_column_1_1 1_1 fusion-flex-column\" style=\"--awb-bg-size:cover;--awb-width-large:100%;--awb-margin-top-large:0px;--awb-spacing-right-large:2.375%;--awb-margin-bottom-large:0px;--awb-spacing-left-large:2.375%;--awb-width-medium:100%;--awb-order-medium:0;--awb-spacing-right-medium:2.375%;--awb-spacing-left-medium:2.375%;--awb-width-small:100%;--awb-order-small:0;--awb-spacing-right-small:2.375%;--awb-spacing-left-small:2.375%;\"><div class=\"fusion-column-wrapper fusion-column-has-shadow fusion-flex-justify-content-flex-start fusion-content-layout-column\"><div class=\"fusion-text fusion-text-1\"><h2 style=\"text-align: center;\"><strong>Avec les Ap\u00f4tres (7)\u00a0: Salman Farsi, Le Persan <\/strong><\/h2>\n<p><strong>Pourquoi ce livre\u00a0?<\/strong><\/p>\n<p>10 Chawwal : D\u00e9but de la Bataille du Foss\u00e9 (<em>Ghazwah al-Khandaq<\/em>) \u2013 L&rsquo;initiative de Salman al-Farsi consistant \u00e0 creuser une tranch\u00e9e autour de M\u00e9dine comme strat\u00e9gie d\u00e9fensive (5 AH).<\/p>\n<p><strong>D\u00e9tails du livre<\/strong><\/p>\n<p>Auteur\u00a0: Kamal Essayed<\/p>\n<p>Traducteur\u00a0: Chekib Bendedira<\/p>\n<p>\u00c9diteur\u00a0: Razva (souvent diffus\u00e9 via leur plateforme sp\u00e9cialis\u00e9e en litt\u00e9rature chiite et historique).<\/p>\n<p>Langue\u00a0: fran\u00e7ais<\/p>\n<p>Nombre de page\u00a0: 80 pages environ<\/p>\n<p>Parution\u00a0: 2024\/2025<\/p>\n<p><strong>R\u00e9sum\u00e9 du livre<\/strong><\/p>\n<p>Ce septi\u00e8me volume de la collection \u00ab Avec les Ap\u00f4tres \u00bb est consacr\u00e9 \u00e0 l&rsquo;une des figures les plus fascinantes et les plus respect\u00e9es de l&rsquo;histoire de l&rsquo;islam : Salman al-Farsi. Surnomm\u00e9 \u00ab Salman le Pur \u00bb, il incarne la qu\u00eate universelle de la v\u00e9rit\u00e9, transcendant les fronti\u00e8res g\u00e9ographiques et culturelles.<\/p>\n<p>Le r\u00e9cit retrace l&rsquo;odyss\u00e9e spirituelle de Salman, de ses origines en Perse, o\u00f9 il fut \u00e9lev\u00e9 dans le zoroastrisme, \u00e0 sa conversion au christianisme, jusqu&rsquo;\u00e0 sa rencontre historique avec le Proph\u00e8te Muhammad (s) \u00e0 M\u00e9dine. Ce livre n&rsquo;est pas seulement une biographie, c&rsquo;est une plong\u00e9e dans l&rsquo;\u00e2me d&rsquo;un chercheur de lumi\u00e8re qui a tout sacrifi\u00e9 pour trouver la guidance divine.<\/p>\n<p><strong>A propos de l\u2019auteur<\/strong><\/p>\n<p>Kamal al-Sayyid (souvent orthographi\u00e9 Kamal Essayed dans les \u00e9ditions francophones) est un auteur et chercheur contemporain sp\u00e9cialis\u00e9 dans la litt\u00e9rature historique et hagiographique islamique, particuli\u00e8rement dans la perspective chiite. Il est principalement connu pour son talent de narrateur. Contrairement \u00e0 des ouvrages purement acad\u00e9miques ou juridiques, ses \u00e9crits adoptent un style narratif et immersif. Il transforme des faits historiques et des biographies de compagnons en r\u00e9cits vivants, accessibles tant aux jeunes qu&rsquo;aux adultes.<\/p>\n<p><strong>O\u00f9 trouver ce livre<\/strong><\/p>\n<ul>\n<li>com<\/li>\n<\/ul>\n<\/div><\/div><\/div><\/div><\/div>\n","protected":false},"excerpt":{"rendered":"","protected":false},"author":3,"featured_media":7916,"comment_status":"open","ping_status":"open","sticky":false,"template":"","format":"standard","meta":{"footnotes":""},"categories":[102],"tags":[],"class_list":["post-7915","post","type-post","status-publish","format-standard","has-post-thumbnail","hentry","category-le-livre-de-la-semaine"],"_links":{"self":[{"href":"https:\/\/fridaybulletin.co.uk\/fr\/wp-json\/wp\/v2\/posts\/7915","targetHints":{"allow":["GET"]}}],"collection":[{"href":"https:\/\/fridaybulletin.co.uk\/fr\/wp-json\/wp\/v2\/posts"}],"about":[{"href":"https:\/\/fridaybulletin.co.uk\/fr\/wp-json\/wp\/v2\/types\/post"}],"author":[{"embeddable":true,"href":"https:\/\/fridaybulletin.co.uk\/fr\/wp-json\/wp\/v2\/users\/3"}],"replies":[{"embeddable":true,"href":"https:\/\/fridaybulletin.co.uk\/fr\/wp-json\/wp\/v2\/comments?post=7915"}],"version-history":[{"count":0,"href":"https:\/\/fridaybulletin.co.uk\/fr\/wp-json\/wp\/v2\/posts\/7915\/revisions"}],"wp:featuredmedia":[{"embeddable":true,"href":"https:\/\/fridaybulletin.co.uk\/fr\/wp-json\/wp\/v2\/media\/7916"}],"wp:attachment":[{"href":"https:\/\/fridaybulletin.co.uk\/fr\/wp-json\/wp\/v2\/media?parent=7915"}],"wp:term":[{"taxonomy":"category","embeddable":true,"href":"https:\/\/fridaybulletin.co.uk\/fr\/wp-json\/wp\/v2\/categories?post=7915"},{"taxonomy":"post_tag","embeddable":true,"href":"https:\/\/fridaybulletin.co.uk\/fr\/wp-json\/wp\/v2\/tags?post=7915"}],"curies":[{"name":"wp","href":"https:\/\/api.w.org\/{rel}","templated":true}]}}