{"id":7653,"date":"2026-04-04T12:35:28","date_gmt":"2026-04-04T11:35:28","guid":{"rendered":"https:\/\/fridaybulletin.co.uk\/editorial-volume-03-numero-12\/"},"modified":"2026-04-04T15:29:43","modified_gmt":"2026-04-04T14:29:43","slug":"editorial-volume-03-numero-12","status":"publish","type":"post","link":"https:\/\/fridaybulletin.co.uk\/fr\/editorial-volume-03-numero-12\/","title":{"rendered":"\u00c9ditorial \u2013 volume 03 Num\u00e9ro 12"},"content":{"rendered":"<div class=\"fusion-fullwidth fullwidth-box fusion-builder-row-1 fusion-flex-container has-pattern-background has-mask-background nonhundred-percent-fullwidth non-hundred-percent-height-scrolling\" style=\"--awb-border-radius-top-left:0px;--awb-border-radius-top-right:0px;--awb-border-radius-bottom-right:0px;--awb-border-radius-bottom-left:0px;--awb-flex-wrap:wrap;\" ><div class=\"fusion-builder-row fusion-row fusion-flex-align-items-flex-start fusion-flex-content-wrap\" style=\"max-width:1438.5px;margin-left: calc(-5% \/ 2 );margin-right: calc(-5% \/ 2 );\"><div class=\"fusion-layout-column fusion_builder_column fusion-builder-column-0 fusion_builder_column_1_1 1_1 fusion-flex-column\" style=\"--awb-bg-size:cover;--awb-width-large:100%;--awb-margin-top-large:0px;--awb-spacing-right-large:2.375%;--awb-margin-bottom-large:0px;--awb-spacing-left-large:2.375%;--awb-width-medium:100%;--awb-order-medium:0;--awb-spacing-right-medium:2.375%;--awb-spacing-left-medium:2.375%;--awb-width-small:100%;--awb-order-small:0;--awb-spacing-right-small:2.375%;--awb-spacing-left-small:2.375%;\"><div class=\"fusion-column-wrapper fusion-column-has-shadow fusion-flex-justify-content-flex-start fusion-content-layout-column\"><div class=\"fusion-text fusion-text-1\"><h2 style=\"text-align: center;\"><strong>Par-del\u00e0 les c\u00e9l\u00e9brations : m\u00e9diter sur les sagesses profondes de la semaine<\/strong><\/h2>\n<p><strong>Introduction<\/strong><\/p>\n<p>La pr\u00e9sente \u00e9dition propose de br\u00e8ves r\u00e9flexions sur cinq \u00e9v\u00e9nements se d\u00e9roulant entre le mercredi 18 et le mardi 24 mars 2026. Puisant leurs racines dans l&rsquo;histoire et la culture, chacune de ces \u00e9tapes offre aux cadres religieux et aux responsables de centres culturels des enseignements pr\u00e9cieux sur la patience, l&rsquo;humilit\u00e9, la mis\u00e9ricorde et la responsabilit\u00e9 sociale.<\/p>\n<p><strong>Mercredi 18 mars 2026, 29 Ramadan\u00a0: La Bataille de Hunayn (8 AH)<\/strong><\/p>\n<p>Peu apr\u00e8s la Conqu\u00eate de la Mecque, la communaut\u00e9 musulmane fit face \u00e0 une arm\u00e9e \u00e0 Hunayn. Malgr\u00e9 leur sup\u00e9riorit\u00e9 num\u00e9rique, les musulmans furent initialement surpris et durent battre en retraite, avant que Dieu ne r\u00e9tablisse le calme et n&rsquo;accorde la victoire aux croyants.<\/p>\n<p>Cet \u00e9pisode met en garde contre la tentation de s&rsquo;appuyer uniquement sur le nombre, la r\u00e9putation ou l&rsquo;\u00e9lan du moment. Le v\u00e9ritable succ\u00e8s, dans la vie communautaire comme dans la sph\u00e8re publique, d\u00e9pend de l&rsquo;humilit\u00e9, de la clart\u00e9 morale et de la confiance en Allah SWT.<\/p>\n<p><strong>Enseignement du jour\u00a0: <\/strong><\/p>\n<p>Retenez la le\u00e7on de la bataille de Hunayn : l&rsquo;issue finale de l&rsquo;oppression est la d\u00e9faite et l&rsquo;humiliation, m\u00eame si, de prime abord, elle semble remporter des victoires \u00e9ph\u00e9m\u00e8res.<\/p>\n<p><strong>Mercredi 18 mars 2026, 29 Ramadan\u00a0: Naissance de Jam\u0101l ad-Din al Hill\u0129 (All\u0101mah al-Hill\u0129) (648 AH)<\/strong><\/p>\n<p>Al-\u1e24asan ibn Y\u016bsuf al-\u1e24ill\u012b (commun\u00e9ment appel\u00e9 l&rsquo;All\u0101mah al-\u1e24ill\u012b) fut un \u00e9minent juriste et th\u00e9ologien chiite, dont les travaux ont profond\u00e9ment marqu\u00e9 le droit et la th\u00e9ologie scolastique.<\/p>\n<p>On lui attribue de nombreux trait\u00e9s qui ont contribu\u00e9 \u00e0 fa\u00e7onner le savoir chiite ult\u00e9rieur. Sa vie rappelle aux musulmans le r\u00f4le central d&rsquo;une \u00e9rudition int\u00e8gre et \u00e9thique dans la pr\u00e9servation de l&rsquo;identit\u00e9 communautaire et l&rsquo;orientation des consciences.<\/p>\n<p><strong>1 Farward\u0129n\u00a0: Nowruz (Le Nouvel An perse)<\/strong><\/p>\n<p><strong>Enseignement du jour :<\/strong><br \/>\nSoutenez un apprentissage rigoureux et une \u00e9rudition critique au sein de vos institutions, afin que la foi demeure r\u00e9fl\u00e9chie, compatissante et r\u00e9siliente.<\/p>\n<p>Nowrouz est une ancienne f\u00eate printani\u00e8re enracin\u00e9e dans les traditions culturelles et saisonni\u00e8res iraniennes ; elle marque le premier jour de l&rsquo;ann\u00e9e solaire iranienne (Farvard\u012bn) et est c\u00e9l\u00e9br\u00e9e par des millions de personnes en Iran, en Asie centrale et au sein des diasporas \u00e0 travers le monde. Cette date co\u00efncide g\u00e9n\u00e9ralement avec l&rsquo;\u00e9quinoxe de mars.<\/p>\n<p>Nowrouz offre une opportunit\u00e9 culturelle de promouvoir le renouveau, le bon voisinage et l&rsquo;hospitalit\u00e9 entre les communaut\u00e9s. De nombreuses communaut\u00e9s musulmanes ont historiquement int\u00e9gr\u00e9 des coutumes saisonni\u00e8res locales qui ne contredisent pas la loi islamique. Du point de vue de l&rsquo;Islam, les c\u00e9l\u00e9brations qui encouragent la solidarit\u00e9 familiale, la charit\u00e9 et la gratitude sont compatibles avec la foi, pourvu que les croyances fondamentales et les obligations religieuses soient pr\u00e9serv\u00e9es.<\/p>\n<p><strong>Enseignement du jour :<\/strong><\/p>\n<p>Faites de Nowrouz un moment privil\u00e9gi\u00e9 pour aller vers votre prochain, pour apaiser les liens familiaux et pour accomplir des actes concrets de charit\u00e9 qui refl\u00e8tent les valeurs de l&rsquo;Islam.<\/p>\n<p><strong>1er Shaww\u0101l\u00a0: A\u00efd al-Fitr<\/strong><\/p>\n<p>L\u2019A\u00efd al-Fitr est la f\u00eate qui marque la fin du Ramadan et le d\u00e9but du mois de Shaww\u0101l ; elle est c\u00e9l\u00e9br\u00e9e par une pri\u00e8re communautaire particuli\u00e8re, l\u2019aum\u00f4ne l\u00e9gale (<strong>zak\u0101t al-fi<\/strong><strong>\u1e6d<\/strong><strong>r<\/strong>) et des retrouvailles familiales. La date exacte du calendrier gr\u00e9gorien d\u00e9pend de l&rsquo;observation locale de la lune.<\/p>\n<p>L&rsquo;Islam enseigne que la v\u00e9ritable valeur de l&rsquo;A\u00efd ne r\u00e9side pas seulement dans la c\u00e9l\u00e9bration, mais dans l&rsquo;acceptation de l&rsquo;adoration et la pers\u00e9v\u00e9rance dans l&rsquo;ob\u00e9issance \u00e0 Dieu. Ali ibn Abi Talib a magnifiquement exprim\u00e9 ce sens profond dans une parole rapport\u00e9e dans le <em>Nahj al-Balagha<\/em>.<\/p>\n<p>\u0642\u0627\u0644\u064e \u0627\u0644\u0627\u0645\u0627\u0645 \u0639\u064e\u0644\u0650\u0649\u064d \u0639\u0644\u064a\u0647 \u0627\u0644\u0633\u0644\u0627\u0645: <em>\u00ab<\/em><em>\u0641\u0650\u06cc \u0628\u064e\u0639\u0652\u0636\u0650 \u0627\u0644\u0652\u0623\u064e\u0639\u0652\u064a\u064e\u0627\u062f\u0650 \u0625\u0650\u0646\u0651\u064e\u0645\u064e\u0627 \u0647\u064f\u0648\u064e \u0639\u0650\u06cc\u062f\u064c \u0644\u0650\u0645\u064e\u0646\u0652 \u0642\u064e\u0628\u0650\u0644\u064e \u0627\u0644\u0644\u0651\u064e\u0647\u064f \u0635\u0650\u064a\u064e\u0627\u0645\u064e\u0647\u064f \u0648\u064e \u0634\u064e\u0643\u064e\u0631\u064e \u0642\u0650\u064a\u064e\u0627\u0645\u064e\u0647\u064f \u0648\u064e \u0643\u064f\u0644\u0651\u064f \u064a\u064e\u0648\u0652\u0645\u064d \u0644\u064e\u0627 \u064a\u064f\u0639\u0652\u0635\u064e\u0649 \u0627\u0644\u0644\u0651\u064e\u0647\u064f \u0641\u0650\u06cc\u0647\u0650 \u0641\u064e\u0647\u064f\u0648\u064e \u064a\u064e\u0648\u0652\u0645 \u0639\u0650\u06cc\u062f\u064c<\/em><em>\u00bb<\/em><em>\u064f<\/em><\/p>\n<p><em>L&rsquo;Imam Ali (que la paix soit sur lui) a dit : \u00ab Pour certains, l&rsquo;A\u00efd n&rsquo;est que pour celui dont le je\u00fbne a \u00e9t\u00e9 accept\u00e9 par Dieu et dont les pri\u00e8res nocturnes ont \u00e9t\u00e9 agr\u00e9\u00e9es ; et chaque jour o\u00f9 l&rsquo;on ne d\u00e9sob\u00e9it pas \u00e0 Dieu est un jour d&rsquo;A\u00efd. \u00bb<\/em><\/p>\n<p><strong>Enseignement du jour :<\/strong><\/p>\n<p>Que l&rsquo;A\u00efd nous rappelle que la v\u00e9ritable c\u00e9l\u00e9bration r\u00e9side dans une vie d&rsquo;ob\u00e9issance \u00e0 Dieu \u2014 chaque jour v\u00e9cu sans p\u00e9ch\u00e9 peut devenir un jour d&rsquo;A\u00efd.<\/p>\n<p><strong>21-27 mars 2026: Semaine de solidarit\u00e9 avec les peuples en lutte contre le racisme et la discrimination raciale<\/strong><\/p>\n<p>Instaur\u00e9e par les Nations Unies, cette semaine comm\u00e9more les luttes contre l&rsquo;injustice raciale et promeut l&rsquo;\u00e9galit\u00e9, l&rsquo;inclusion et les droits de l&rsquo;homme \u00e0 travers le monde. Le calendrier de l&rsquo;ONU met chaque ann\u00e9e en lumi\u00e8re des th\u00e8mes et des \u00e9v\u00e9nements destin\u00e9s \u00e0 approfondir la sensibilisation du public.<\/p>\n<p>Le racisme et la discrimination marquent douloureusement les familles, les communaut\u00e9s et les institutions ; les responsables musulmans se doivent de s&rsquo;exprimer avec clart\u00e9 contre l&rsquo;injustice raciale et de cultiver des pratiques d&rsquo;inclusion au sein des mosqu\u00e9es et des centres culturels. L&rsquo;Islam affirme l&rsquo;\u00e9gale dignit\u00e9 de tous les \u00eatres humains :<\/p>\n<p>\u064a\u064e\u0627 \u0623\u064e\u064a\u0651\u064f\u0647\u064e\u0627 \u0627\u0644\u0646\u0651\u064e\u0627\u0633\u064f \u0625\u0650\u0646\u0651\u064e\u0627 \u062e\u064e\u0644\u064e\u0642\u0652\u0646\u064e\u0627\u0643\u064f\u0645 \u0645\u0650\u0651\u0646 \u0630\u064e\u0643\u064e\u0631\u064d \u0648\u064e\u0623\u064f\u0646\u062b\u064e\u0649\u0670 \u0648\u064e\u062c\u064e\u0639\u064e\u0644\u0652\u0646\u064e\u0627\u0643\u064f\u0645\u0652 \u0634\u064f\u0639\u064f\u0648\u0628\u064b\u0627 \u0648\u064e\u0642\u064e\u0628\u064e\u0627\u0626\u0650\u0644\u064e \u0644\u0650\u062a\u064e\u0639\u064e\u0627\u0631\u064e\u0641\u064f\u0648\u0627 \u06da \u0625\u0650\u0646\u0651\u064e \u0623\u064e\u0643\u0652\u0631\u064e\u0645\u064e\u0643\u064f\u0645\u0652 \u0639\u0650\u0646\u062f\u064e \u0627\u0644\u0644\u0651\u064e\u0647\u0650 \u0623\u064e\u062a\u0652\u0642\u064e\u0627\u0643\u064f\u0645\u0652.<\/p>\n<p><em>\u00ab \u00d4 hommes ! Nous vous avons cr\u00e9\u00e9s d\u2019un m\u00e2le et d\u2019une femelle, et Nous avons fait de vous des nations et des tribus, pour que vous vous entreconnaissiez. Le plus noble d\u2019entre vous, aupr\u00e8s d\u2019Allah, est le plus pieux. \u00bb (Coran 49:13).<\/em><\/p>\n<p><strong>Enseignement du jour :<\/strong><\/p>\n<p>Bon nombre de pays parmi les plus dits \u00ab d\u00e9velopp\u00e9s \u00bb au monde poss\u00e8dent un sombre pass\u00e9 en mati\u00e8re de racisme. L\u2019Islam, quant \u00e0 lui, combat le racisme depuis plus de quatorze si\u00e8cles. Nous devons tirer une grande fiert\u00e9 de notre foi.<\/p>\n<\/div><\/div><\/div><\/div><\/div>\n","protected":false},"excerpt":{"rendered":"","protected":false},"author":3,"featured_media":7593,"comment_status":"open","ping_status":"open","sticky":false,"template":"","format":"standard","meta":{"footnotes":""},"categories":[97],"tags":[],"class_list":["post-7653","post","type-post","status-publish","format-standard","has-post-thumbnail","hentry","category-editorial-fr"],"_links":{"self":[{"href":"https:\/\/fridaybulletin.co.uk\/fr\/wp-json\/wp\/v2\/posts\/7653","targetHints":{"allow":["GET"]}}],"collection":[{"href":"https:\/\/fridaybulletin.co.uk\/fr\/wp-json\/wp\/v2\/posts"}],"about":[{"href":"https:\/\/fridaybulletin.co.uk\/fr\/wp-json\/wp\/v2\/types\/post"}],"author":[{"embeddable":true,"href":"https:\/\/fridaybulletin.co.uk\/fr\/wp-json\/wp\/v2\/users\/3"}],"replies":[{"embeddable":true,"href":"https:\/\/fridaybulletin.co.uk\/fr\/wp-json\/wp\/v2\/comments?post=7653"}],"version-history":[{"count":0,"href":"https:\/\/fridaybulletin.co.uk\/fr\/wp-json\/wp\/v2\/posts\/7653\/revisions"}],"wp:featuredmedia":[{"embeddable":true,"href":"https:\/\/fridaybulletin.co.uk\/fr\/wp-json\/wp\/v2\/media\/7593"}],"wp:attachment":[{"href":"https:\/\/fridaybulletin.co.uk\/fr\/wp-json\/wp\/v2\/media?parent=7653"}],"wp:term":[{"taxonomy":"category","embeddable":true,"href":"https:\/\/fridaybulletin.co.uk\/fr\/wp-json\/wp\/v2\/categories?post=7653"},{"taxonomy":"post_tag","embeddable":true,"href":"https:\/\/fridaybulletin.co.uk\/fr\/wp-json\/wp\/v2\/tags?post=7653"}],"curies":[{"name":"wp","href":"https:\/\/api.w.org\/{rel}","templated":true}]}}