{"id":10040,"date":"2026-07-17T16:00:24","date_gmt":"2026-07-17T15:00:24","guid":{"rendered":"https:\/\/fridaybulletin.co.uk\/editorial-volume-03-numero-29\/"},"modified":"2026-07-17T19:20:10","modified_gmt":"2026-07-17T18:20:10","slug":"editorial-volume-03-numero-29","status":"publish","type":"post","link":"https:\/\/fridaybulletin.co.uk\/fr\/editorial-volume-03-numero-29\/","title":{"rendered":"\u00c9ditorial \u2013 volume 03 Num\u00e9ro 29"},"content":{"rendered":"<div class=\"fusion-fullwidth fullwidth-box fusion-builder-row-1 fusion-flex-container has-pattern-background has-mask-background nonhundred-percent-fullwidth non-hundred-percent-height-scrolling\" style=\"--awb-border-radius-top-left:0px;--awb-border-radius-top-right:0px;--awb-border-radius-bottom-right:0px;--awb-border-radius-bottom-left:0px;--awb-flex-wrap:wrap;\" ><div class=\"fusion-builder-row fusion-row fusion-flex-align-items-flex-start fusion-flex-content-wrap\" style=\"max-width:1438.5px;margin-left: calc(-5% \/ 2 );margin-right: calc(-5% \/ 2 );\"><div class=\"fusion-layout-column fusion_builder_column fusion-builder-column-0 fusion_builder_column_1_1 1_1 fusion-flex-column\" style=\"--awb-bg-size:cover;--awb-width-large:100%;--awb-margin-top-large:0px;--awb-spacing-right-large:2.375%;--awb-margin-bottom-large:0px;--awb-spacing-left-large:2.375%;--awb-width-medium:100%;--awb-order-medium:0;--awb-spacing-right-medium:2.375%;--awb-spacing-left-medium:2.375%;--awb-width-small:100%;--awb-order-small:0;--awb-spacing-right-small:2.375%;--awb-spacing-left-small:2.375%;\"><div class=\"fusion-column-wrapper fusion-column-has-shadow fusion-flex-justify-content-flex-start fusion-content-layout-column\"><div class=\"fusion-text fusion-text-1\"><h2 style=\"text-align: center;\"><strong>Apprendre du pass\u00e9 pour se pr\u00e9parer vers l\u2019avenir.<\/strong><\/h2>\n<p><strong>Introduction <\/strong><\/p>\n<p>Chaque semaine nous offre des moments propices \u00e0 la comm\u00e9moration, \u00e0 la r\u00e9flexion introspective et au renouvellement de notre engagement envers Allah (SWT). Le calendrier de cette semaine nous relie tout \u00e0 la fois aux sacrifices de la famille du Proph\u00e8te (que la paix soit sur eux), la qu\u00eate du savoir, ainsi que notre responsabilit\u00e9 de doter les g\u00e9n\u00e9rations futures de foi, de sagesse et de comp\u00e9tences pratiques. Pour les responsables, enseignants et \u00e9ducateurs musulmans, ces occasions repr\u00e9sentent des opportunit\u00e9s privil\u00e9gi\u00e9es de mettre en perspective les principes intemporels de l&rsquo;islam face aux complexit\u00e9s de la vie contemporaine.<\/p>\n<p><strong>1er Safar\u00a0: \u00a0Arriver des Captives de Karbala \u00e0 Damas<\/strong><\/p>\n<p>Au lendemain de la trag\u00e9die de Karbala en l&rsquo;an 61 de l&rsquo;h\u00e9gire, les survivants de la famille de l\u2019Imam al-Husayn (que la paix soit sur lui), furent faits prisonniers et conduits \u00e0 Damas. Par leur courage et la force de leurs discours, ils transform\u00e8rent ce qui semblait \u00eatre une victoire militaire en une d\u00e9faite morale pour l&rsquo;oppression.<\/p>\n<p>L&rsquo;arriv\u00e9e de ces captifs rappelle aux croyants que la dignit\u00e9, la v\u00e9rit\u00e9 et la foi ne peuvent \u00eatre terrass\u00e9es par l&rsquo;injustice. L&rsquo;islam enseigne aux fid\u00e8les de demeurer in\u00e9branlables dans la d\u00e9fense de la justice, m\u00eame lorsqu&rsquo;ils sont d\u00e9nu\u00e9s de toute puissance mat\u00e9rielle\u00a0:<\/p>\n<p><strong>\u064a\u064e\u0627 \u0623\u064e\u064a\u064f\u0651\u0647\u064e\u0627 \u0627\u0644\u064e\u0651\u0630\u0650\u064a\u0646\u064e \u0622\u0645\u064e\u0646\u064f\u0648\u0627 \u0643\u064f\u0648\u0646\u064f\u0648\u0627 \u0642\u064e\u0648\u064e\u0651\u0627\u0645\u0650\u064a\u0646\u064e \u0628\u0650\u0627\u0644\u0652\u0642\u0650\u0633\u0652\u0637\u0650<\/strong><\/p>\n<p><em>\u00ab\u00a0\u00d4 les croyants ! Observez strictement la justice \u00bb (An-Nisa, 4\u00a0:135)<\/em><\/p>\n<p>Le courage manifest\u00e9 par Sayyida Zaynab (que la paix soit sur elle) d\u00e9montre que dire la v\u00e9rit\u00e9 constitue, en soi, une forme d&rsquo;adoration et un acte de r\u00e9sistance contre l&rsquo;oppression.<\/p>\n<p><strong>Enseignement du jour :<\/strong><br \/>\nB\u00e2tir des communaut\u00e9s qui d\u00e9fendent la v\u00e9rit\u00e9 avec sagesse, courage et dignit\u00e9.<\/p>\n<p><strong>1er Safar\u00a0: La Bataille de Siffin<\/strong><\/p>\n<p>La bataille de Siffin, qui eut lieu en l\u2019an 37 de l\u2019H\u00e9gire, opposa les forces de l\u2019Imam Ali ibn Abi Talib (que la paix soit sur lui) \u00e0 celles de Mu\u02bfawiyah. Cet \u00e9v\u00e9nement constitue une illustration frappante de la laideur et des cons\u00e9quences d\u00e9vastatrices de deux traits de caract\u00e8re n\u00e9fastes au sein d\u2019une soci\u00e9t\u00e9 : l\u2019hypocrisie et la na\u00efvet\u00e9. Des figures hypocrites, \u00e0 l\u2019instar d\u2019Ash\u02bfath ibn Qays, alli\u00e9es \u00e0 des individus na\u00effs tels qu\u2019Abu Musa al-Ash\u02bfari, exerc\u00e8rent une pression telle sur l\u2019Imam Ali (que la paix soit sur lui) et ses compagnons fid\u00e8les qu\u2019ils le contraignirent \u00e0 accepter un arbitrage.<\/p>\n<p><strong>Enseignement du jour :<\/strong><br \/>\nApprenez \u00e0 reconna\u00eetre les hypocrites de votre temps, ceux dont les apparences contredisent les intentions profondes, et efforcez-vous de ne jamais leur ressembler.<\/p>\n<p><strong>15 juillet\u00a0: Journ\u00e9e mondiale des comp\u00e9tences des jeunes<\/strong><\/p>\n<p>\u00c9tablie par les Nations Unies en 2014, la Journ\u00e9e mondiale des comp\u00e9tences des jeunes est c\u00e9l\u00e9br\u00e9e chaque ann\u00e9e le 15 juillet. Elle souligne l&rsquo;importance cruciale de doter la jeunesse de comp\u00e9tences pratiques favorisant l&rsquo;insertion professionnelle, l&rsquo;entrepreneuriat et l&rsquo;apprentissage tout au long de la vie.<\/p>\n<p>L&rsquo;islam encourage les croyants \u00e0 acqu\u00e9rir des savoir-faire b\u00e9n\u00e9fiques qui leur permettent de contribuer positivement \u00e0 la soci\u00e9t\u00e9. Au-del\u00e0 des aptitudes professionnelles et techniques, il est essentiel que les musulmans cultivent \u00e9galement une int\u00e9grit\u00e9 \u00e9thique, le sens des responsabilit\u00e9s et le d\u00e9vouement au service d&rsquo;autrui.<\/p>\n<p><strong>Enseignement du jour :<\/strong><\/p>\n<p>Dotons la jeunesse de comp\u00e9tences qui renforcent \u00e0 la fois son avenir et sa foi.<\/p>\n<p><strong>3 Safar\u00a0: Naissance de l\u2019Imam Muhammad al-Baqir (que la paix soit sur lui)<\/strong><\/p>\n<p>L&rsquo;Imam Muhammad al-Baqir (que la paix soit sur lui) est n\u00e9 en l&rsquo;an 57 de l&rsquo;H\u00e9gire. Devenu l&rsquo;un des plus grands savants de l&rsquo;Islam, il a jet\u00e9 les bases solides de la diffusion d&rsquo;un savoir islamique authentique durant une p\u00e9riode de profonds changements politiques.<\/p>\n<p>\u00c0 une \u00e9poque o\u00f9 l&rsquo;information abonde mais o\u00f9 la sagesse fait souvent d\u00e9faut, l&rsquo;Imam al-Baqir enseigne aux musulmans \u00e0 allier le savoir \u00e0 la discipline morale et \u00e0 la ma\u00eetrise de soi. Il a d\u00e9clar\u00e9 :<\/p>\n<p><strong>\u0627\u064e\u0644\u0635\u0651\u064e\u0628\u0652\u0631\u064f \u0635\u064e\u0628\u0652\u0631\u064e\u0627\u0646\u0650: \u0635\u064e\u0628\u0652\u0631\u064c \u0639\u064e\u0644\u064e\u0649 \u0627\u0644\u0652\u0628\u064e\u0644\u064e\u0627\u0621\u0650 \u062d\u064e\u0633\u064e\u0646\u064c \u062c\u064e\u0645\u0650\u064a\u0644\u064c\u060c \u0648\u064e\u0623\u064e\u0641\u0652\u0636\u064e\u0644\u064f \u0627\u0644\u0635\u0651\u064e\u0628\u0652\u0631\u064e\u064a\u0652\u0646\u0650 \u0627\u0644\u0652\u0648\u064e\u0631\u064e\u0639\u064f \u0639\u064e\u0646\u0650 \u0627\u0644\u0652\u0645\u064e\u062d\u064e\u0627\u0631\u0650\u0645\u0650<\/strong><\/p>\n<p><strong><em>\u00a0\u00ab La patience est de deux sortes : la patience dans l&rsquo;\u00e9preuve, qui est noble et belle ; et la meilleure des deux est de se tenir \u00e0 l&rsquo;\u00e9cart de ce qu&rsquo;Allah a interdit. \u00bb<\/em><\/strong><\/p>\n<p><strong>Enseignement du jour :<\/strong><\/p>\n<p>Enseignez aux hommes non seulement \u00e0 endurer les \u00e9preuves, mais \u00e9galement \u00e0 r\u00e9sister \u00e0 la tentation.<\/p>\n<p><strong>3 Safar\u00a0: Naissance de Sheikh al Ra\u2019is Ibn Sina (Avicenne)<\/strong><\/p>\n<p>Ibn Sina (980-1037) fut l&rsquo;un des plus illustres m\u00e9decins, philosophes et scientifiques de l&rsquo;\u00c2ge d&rsquo;or islamique. Ses ouvrages ont durablement influenc\u00e9 la m\u00e9decine et la philosophie, tant dans le monde musulman qu&rsquo;en Europe, et ce, pendant des si\u00e8cles.<\/p>\n<p>Son existence d\u00e9montre que l&rsquo;Islam encourage l&rsquo;excellence intellectuelle, la d\u00e9couverte scientifique et l&rsquo;apprentissage continu, d\u00e8s lors que la qu\u00eate du savoir est entreprise avec sinc\u00e9rit\u00e9 et au b\u00e9n\u00e9fice de l&rsquo;humanit\u00e9.<\/p>\n<p><strong>Enseignement du jour :<\/strong><\/p>\n<p>Inspirons la jeunesse musulmane \u00e0 viser l&rsquo;excellence, tant dans sa foi que dans ses connaissances professionnelles.<\/p>\n<p><strong>5 Safar\u00a0: Martyr de Dame Ruqayyah bint al-Husayn (que la paix soit sur elle)<\/strong><\/p>\n<p>Selon des r\u00e9cits historiques largement reconnus, Dame Ruqayyah, la jeune fille de l&rsquo;Imam al-Husayn (que la paix soit sur lui), est tomb\u00e9e en martyr alors qu&rsquo;elle \u00e9tait en captivit\u00e9 \u00e0 Damas, apr\u00e8s avoir endur\u00e9 les souffrances cons\u00e9cutives \u00e0 la trag\u00e9die de Karbala.<\/p>\n<p><strong>Enseignement du jour :<\/strong><\/p>\n<p>Reconnaissez la cruaut\u00e9 de ceux qui se sont oppos\u00e9s \u00e0 l&rsquo;Islam, qui n&rsquo;ont fait preuve d&rsquo;aucune piti\u00e9, m\u00eame envers les enfants, et qui continuent d&rsquo;agir ainsi aujourd&rsquo;hui. Rejetez leur injustice et tenez-vous \u00e0 distance de leurs actes.<\/p>\n<\/div><\/div><\/div><\/div><\/div>\n","protected":false},"excerpt":{"rendered":"","protected":false},"author":3,"featured_media":9992,"comment_status":"open","ping_status":"open","sticky":false,"template":"","format":"standard","meta":{"footnotes":""},"categories":[97],"tags":[],"class_list":["post-10040","post","type-post","status-publish","format-standard","has-post-thumbnail","hentry","category-editorial-fr"],"_links":{"self":[{"href":"https:\/\/fridaybulletin.co.uk\/fr\/wp-json\/wp\/v2\/posts\/10040","targetHints":{"allow":["GET"]}}],"collection":[{"href":"https:\/\/fridaybulletin.co.uk\/fr\/wp-json\/wp\/v2\/posts"}],"about":[{"href":"https:\/\/fridaybulletin.co.uk\/fr\/wp-json\/wp\/v2\/types\/post"}],"author":[{"embeddable":true,"href":"https:\/\/fridaybulletin.co.uk\/fr\/wp-json\/wp\/v2\/users\/3"}],"replies":[{"embeddable":true,"href":"https:\/\/fridaybulletin.co.uk\/fr\/wp-json\/wp\/v2\/comments?post=10040"}],"version-history":[{"count":0,"href":"https:\/\/fridaybulletin.co.uk\/fr\/wp-json\/wp\/v2\/posts\/10040\/revisions"}],"wp:featuredmedia":[{"embeddable":true,"href":"https:\/\/fridaybulletin.co.uk\/fr\/wp-json\/wp\/v2\/media\/9992"}],"wp:attachment":[{"href":"https:\/\/fridaybulletin.co.uk\/fr\/wp-json\/wp\/v2\/media?parent=10040"}],"wp:term":[{"taxonomy":"category","embeddable":true,"href":"https:\/\/fridaybulletin.co.uk\/fr\/wp-json\/wp\/v2\/categories?post=10040"},{"taxonomy":"post_tag","embeddable":true,"href":"https:\/\/fridaybulletin.co.uk\/fr\/wp-json\/wp\/v2\/tags?post=10040"}],"curies":[{"name":"wp","href":"https:\/\/api.w.org\/{rel}","templated":true}]}}